{"id":1733,"date":"2018-09-07T11:40:21","date_gmt":"2018-09-07T09:40:21","guid":{"rendered":"https:\/\/www.mein-wahres-ich.de\/magazin\/?p=1733"},"modified":"2021-08-10T14:57:05","modified_gmt":"2021-08-10T12:57:05","slug":"brillen-fuer-die-bildschirmarbeit","status":"publish","type":"post","link":"https:\/\/www.mein-wahres-ich.de\/magazin\/brillen-fuer-die-bildschirmarbeit\/","title":{"rendered":"Brillen f\u00fcr die Bildschirmarbeit: Welche passt zu meiner Pers\u00f6nlichkeit?"},"content":{"rendered":"<p>[vc_row][vc_column][vc_column_text]<\/p>\n<p class=\"bs-intro\">Wer heutzutage eine Brille tr\u00e4gt macht das nicht unbedingt nur seiner schlechten Augen wegen. Brillen sind heute auch ein modisches Statement. Doch viele Menschen, die den ganzen Tag am Computer arbeiten, brauchen fr\u00fcher oder sp\u00e4ter h\u00e4ufig eine Brille, um sie zu entlasten. Dann sollte man versuchen, sowohl seinen eigenen Stil und Pers\u00f6nlichkeit mit den Anforderungen f\u00fcr eine Brille f\u00fcr die Bildschirmarbeit in Einklang zu bringen. Die gute Nachricht gleich vorab: Das geht!<\/p>\n<p>[\/vc_column_text][vc_column_text]<\/p>\n<h2>Warum \u00fcberhaupt Brille f\u00fcr den Bildschirmarbeitsplatz<\/h2>\n<p>Geh\u00f6ren Sie auch zu den Menschen, die einfach keine Brille tragen wollen? Dann sollten Sie sich unbedingt unsere guten Gr\u00fcnde f\u00fcr eine <a href=\"https:\/\/www.fielmann.de\/brillen\/bildschirmarbeitsplatzbrillen\/\" target=\"_blank\" rel=\"noopener\">Brille f\u00fcr die Bildschirmarbeit<\/a> ansehen. Denn die werden Sie bestimmt \u00fcberzeugen.<\/p>\n<p>1. Brillen f\u00fcr die Bildschirmarbeit sind ein stylisches Accessoire. Wenn Sie eine Brille speziell f\u00fcr die Arbeit am PC suchen, muss das Gestell eine gewisse Gr\u00f6\u00dfe haben. Denn die Gl\u00e4ser einer solchen Brille haben einen ganz speziellen Schliff, der Ihnen die Arbeit am Bildschirm erleichtert. Das Gute daran: Brillen mit einem gro\u00dfen Gestell sind schon seit einigen Jahren sehr angesagt und werden das auch sicherlich noch eine weitere Zeit lang bleiben.<\/p>\n<p>2. Brillen f\u00fcr die Bildschirmarbeit entlasten die Augen. Die richtige Brille f\u00fcr die t\u00e4gliche Arbeit sorgt au\u00dferdem daf\u00fcr, dass sich Ihre Augen nicht so anstrengen m\u00fcssen, w\u00e4hrend Sie auf den PC schauen. Das hat gleich zwei Vorteile: Die Augen behalten l\u00e4nger ihre nat\u00fcrliche F\u00e4higkeit schnell zu fokussieren und sich zu entspannen. Der zweite Punkt ist aber auch nicht zu vernachl\u00e4ssigen: Da die Augen sich dank der Brille f\u00fcr den <a href=\"https:\/\/de.wikipedia.org\/wiki\/Bildschirmarbeitsverordnung\" target=\"_blank\" rel=\"noopener\">Bildschirmarbeitsplatz<\/a> weniger anstrengen m\u00fcssen, sind sie am Abend auch nicht so m\u00fcde \u2013 und das wiederum wirkt sich auf den gesamten Organismus aus. Konkret bedeutet das, dass Sie mit der richtigen Brille abends mehr Energie haben das zu tun, wonach Ihnen der Sinn steht.[\/vc_column_text][vc_column_text]<\/p>\n<h2>Wie finde ich die richtige Brille f\u00fcr meinen Geschmack und Pers\u00f6nlichkeit?<\/h2>\n<p>Keine Frage, die Menschen sind verschieden. Was dem einen super gef\u00e4llt und steht, ist f\u00fcr den anderen \u00fcberhaupt nichts. Das ist auch bei Brillen so. Denn Brillen sind etwas ganz Besonderes. Sie helfen uns nicht nur dabei, besser zu sehen, wir tragen sie auch den ganzen Tag auf unserer Nase. Damit wird die Brille zu einem Aush\u00e4ngeschild unserer Pers\u00f6nlichkeit und kann diese sogar noch untermalen.<br \/>\nDamit das bestm\u00f6glich gelingt, kommen hier ein paar Hinweise, wie Sie die richtige Brille f\u00fcr Ihren Typ finden.[\/vc_column_text][vc_column_text]<\/p>\n<h2>Brille f\u00fcr Bildschirmarbeitsplatz: Achten Sie auf Ihre Gesichtsform<\/h2>\n<p>Bei der Auswahl Ihrer neuen Brille f\u00fcr den Bildschirmarbeitsplatz sollten Sie zun\u00e4chst Ihre <a href=\"https:\/\/www.sehen.de\/styling\/gesichtsproportionen\/welche-gesichtsform-habe-ich\/\" target=\"_blank\" rel=\"noopener\">individuelle Gesichtsform bestimmen<\/a>. Denn auch wenn Ihnen eine Brille au\u00dfergew\u00f6hnlich gut gef\u00e4llt, muss das noch lange nicht bedeuten, dass Sie ihnen auch steht. Eine Brille kann Ihre individuelle Gesichtsform unterstreichen und betonen, kann aber auch daf\u00fcr eingesetzt werden, bestimmte Merkmale zu kaschieren:<\/p>\n<ul>\n<li>Brillentr\u00e4ger mit kantigen Gesichtsz\u00fcgen k\u00f6nnen von einer runden Brille profitieren. Die kann das gesamte Gesicht weicher wirken lassen.<\/li>\n<li>Brillentr\u00e4ger, die Ihre weichen Gesichtsz\u00fcge etwas markanter wirken lassen m\u00f6chten, k\u00f6nnen dagegen zu einer kantigen Brille greifen, denn die kann genau diesen Effekt erzielen.<\/li>\n<li>Brillentr\u00e4ger mit einer herzf\u00f6rmigen Gesichtsform haben dagegen die gro\u00dfe Auswahl. Denn sie vereinen unterschiedliche Gesichtsformen miteinander und k\u00f6nnen sich daher entscheiden, welche Brillenform welche Merkmale ihres Gesichts betonen soll. Schlussendlich ist das aber eine Frage des pers\u00f6nlichen Geschmacks.<\/li>\n<\/ul>\n<p>[\/vc_column_text][vc_column_text]<\/p>\n<h2>Welche Brille passt zu meiner Pers\u00f6nlichkeit?<\/h2>\n<p>Bei der Auswahl der richtigen Brille sollten Sie nicht nur auf Ihre Gesichtsform achten, sondern auch darauf, welchen Teint und Haarfarbe Sie haben.<\/p>\n<p>Denn auch hier gilt, dass eine Brille tolle Kontraste setzen und damit ganz bestimmte Merkmale der einen Pers\u00f6nlichkeit betonen, im Umkehrschluss aber kaschieren kann. Einen guten Anhaltspunkt, welche Brillenfarben Ihnen stehen k\u00f6nnten, bieten die Jahreszeiten-Farbtypen.<\/p>\n<ul>\n<li><strong>Der Winter-Farbtyp:<\/strong> Menschen, die diesem Typ angeh\u00f6ren, haben einen k\u00fchlen Teint, der jedoch keinesfalls bl\u00e4sslich wirken muss. Die Haarfarbe ist Dunkelbraun bis Schwarz. Da diese Typen relativ viel Melanin in der Haut eingelagert haben, ergrauen Sie auch recht schnell. Dieser Typ stehen kontrastreiche Farben besonders gut. Schwarz, Wei\u00df, aber auch kr\u00e4ftiges Pink sind eine gute Wahl.<\/li>\n<li><strong>Der Herbst-Typ:<\/strong> Sommersprossen und warme T\u00f6ne kennzeichnen dieses Typ. Die Augen sind meist Braun, so wie die Haare. Manchmal k\u00f6nnen Herbsttypen auch r\u00f6tliche oder rotblonde Haare haben, das ist aber eher selten. Gedeckte, warme Farben wie Olive oder dunkles Rot bringen diesen Typ am besten zur Geltung.<\/li>\n<li><strong>Der Sommer-Typ:<\/strong> Entgegen der Vermutung, wird der Sommertyp nicht sehr schnell braun. Im Gegenteil. Der Teint ist oft sehr hell mit einem k\u00fchlen Unterton. Auch Haare und Augen sind bei diesem Typ eher hell. Zarte Farben wie Nude oder Pastell passen zu diesem Farbtyp am besten.<\/li>\n<li><strong>Der Fr\u00fchlings-Typ:<\/strong> Menschen, die zum Fr\u00fchlingstyp geh\u00f6ren, haben auch eine helle Haut, die aber relativ gut br\u00e4unt und dann leicht golden schimmert. Haare und Augen sind ebenfalls in der Regel hell. Bei Lichteinfall strahlt das Haar in einem warmen, goldenen Ton. Diesem Typ stehen bunte und knallige Farben wie Karminrot oder Sonnengelb besonders gut.<\/li>\n<\/ul>\n<p>[\/vc_column_text][vc_column_text]Was Sie grunds\u00e4tzlich beachten sollten: Eine sehr bunte oder auff\u00e4llige Brille kann Ihnen viel Aufmerksamkeit Ihrer Umwelt geben. Auch darauf sollten Sie bei der Auswahl achten. Denn nicht jeder Brillentr\u00e4ger und nicht jede Brillentr\u00e4gerin m\u00f6chten das auch erreichen. Viele f\u00fchlen sich mit einer unauff\u00e4lligeren Brille wohler und die muss dabei gar nicht einmal unmodisch sein. [\/vc_column_text][\/vc_column][\/vc_row]<\/p>\n","protected":false},"excerpt":{"rendered":"<p> &#8230; <\/p>\n<p class=\"read-more-container\"><a title=\"Brillen f\u00fcr die Bildschirmarbeit: Welche passt zu meiner Pers\u00f6nlichkeit?\" class=\"read-more button\" href=\"https:\/\/www.mein-wahres-ich.de\/magazin\/brillen-fuer-die-bildschirmarbeit\/#more-1733\" aria-label=\"Mehr zu Brillen f\u00fcr die Bildschirmarbeit: Welche passt zu meiner Pers\u00f6nlichkeit?\">Weiterlesen &#8230;<\/a><\/p>\n","protected":false},"author":1,"featured_media":1734,"comment_status":"open","ping_status":"open","sticky":false,"template":"","format":"standard","meta":[],"categories":[58],"tags":[],"wp-worthy-pixel":{"ignored":false,"public":null,"server":null,"url":null},"wp-worthy-type":"normal","_links":{"self":[{"href":"https:\/\/www.mein-wahres-ich.de\/magazin\/wp-json\/wp\/v2\/posts\/1733"}],"collection":[{"href":"https:\/\/www.mein-wahres-ich.de\/magazin\/wp-json\/wp\/v2\/posts"}],"about":[{"href":"https:\/\/www.mein-wahres-ich.de\/magazin\/wp-json\/wp\/v2\/types\/post"}],"author":[{"embeddable":true,"href":"https:\/\/www.mein-wahres-ich.de\/magazin\/wp-json\/wp\/v2\/users\/1"}],"replies":[{"embeddable":true,"href":"https:\/\/www.mein-wahres-ich.de\/magazin\/wp-json\/wp\/v2\/comments?post=1733"}],"version-history":[{"count":0,"href":"https:\/\/www.mein-wahres-ich.de\/magazin\/wp-json\/wp\/v2\/posts\/1733\/revisions"}],"wp:featuredmedia":[{"embeddable":true,"href":"https:\/\/www.mein-wahres-ich.de\/magazin\/wp-json\/wp\/v2\/media\/1734"}],"wp:attachment":[{"href":"https:\/\/www.mein-wahres-ich.de\/magazin\/wp-json\/wp\/v2\/media?parent=1733"}],"wp:term":[{"taxonomy":"category","embeddable":true,"href":"https:\/\/www.mein-wahres-ich.de\/magazin\/wp-json\/wp\/v2\/categories?post=1733"},{"taxonomy":"post_tag","embeddable":true,"href":"https:\/\/www.mein-wahres-ich.de\/magazin\/wp-json\/wp\/v2\/tags?post=1733"}],"curies":[{"name":"wp","href":"https:\/\/api.w.org\/{rel}","templated":true}]}}