{"id":2749,"date":"2019-05-17T16:34:13","date_gmt":"2019-05-17T14:34:13","guid":{"rendered":"https:\/\/www.mein-wahres-ich.de\/magazin\/?p=2749"},"modified":"2021-08-10T14:34:18","modified_gmt":"2021-08-10T12:34:18","slug":"grussformel-fehler","status":"publish","type":"post","link":"https:\/\/www.mein-wahres-ich.de\/magazin\/grussformel-fehler\/","title":{"rendered":"Gru\u00dfformel: Diesen Fehler machen \u00fcber 90% der Deutschen!"},"content":{"rendered":"<p>[vc_row][vc_column][vc_column_text]<\/p>\n<p class=\"bs-intro\">Einer der wohl gr\u00f6\u00dften Stolpersteine bei Gesch\u00e4ftsbriefen lauert am Ende des Textes: die Gru\u00dfformel. \u00dcber 90 Prozent der Deutschen bauen n\u00e4mlich genau hier einen Fehler ein. Welcher Fehler das ist? Wir verraten es euch!<\/p>\n<p>[\/vc_column_text][\/vc_column][\/vc_row][vc_row][vc_column][vc_column_text]<div id=\"toc_container\" class=\"no_bullets\"><p class=\"toc_title\">Inhaltsverzeichnis<\/p><ul class=\"toc_list\"><li><a href=\"#Die_Grussformel_So_macht_man_es_richtig\">Die Gru\u00dfformel: So macht man es richtig<\/a><\/li><li><a href=\"#Weshalb_es_so_viele_falsch_machen\">Weshalb es so viele falsch machen<\/a><\/li><li><a href=\"#Fazit\">Fazit<\/a><\/li><\/ul><\/div>\n[\/vc_column_text][\/vc_column][\/vc_row][vc_row][vc_column][vc_column_text]<\/p>\n<h2><span id=\"Die_Grussformel_So_macht_man_es_richtig\">Die Gru\u00dfformel: So macht man es richtig<\/span><\/h2>\n<p>Wie so h\u00e4ufig im Leben lauert auch beim Verfassen von Gesch\u00e4ftsbriefen, beruflichen E-Mails oder Bewerbungen der Teufel im Detail. Genauer gesagt in einem Komma. Denn mit diesem Komma steht und f\u00e4llt unter Umst\u00e4nden der Erfolg eines Gesch\u00e4ftsbriefes oder einer Bewerbung. Wer das besagte Komma falsch setzt, kann n\u00e4mlich durchaus als unachtsam oder unprofessionell bewertet werden. Daher sollte man diesem Komma eben auch besondere Aufmerksamkeit schenken. Andernfalls macht man den eigentlich guten Eindruck, den der Gesch\u00e4ftsbrief, die Bewerbung etc. zu vermitteln vermag, letztlich doch noch zunichte.<\/p>\n<p>Nun m\u00f6chtet ihr nat\u00fcrlich wissen, um welches Komma es geht. Wir kl\u00e4ren euch auf!<\/p>\n<p><strong>Einer der gr\u00f6\u00dften Stolpersteine beim Verfassen gesch\u00e4ftlicher Schreiben ist das Komma zwischen der Gru\u00dfformel und dem Absendernamen. Denn: Dort geh\u00f6rt KEIN Komma hin!<\/strong><\/p>\n<p>Wer es dennoch setzt \u2013 und das machen \u00fcber 90 Prozent der Deutschen \u2013 vermittelt dem Adressaten unter Umst\u00e4nden einen nachl\u00e4ssigen Eindruck. Und wer m\u00f6chte bei potenziellen Gesch\u00e4ftspartnern oder zuk\u00fcnftigen neuen Arbeitgebern schon als nachl\u00e4ssig gelten!?<\/p>\n<p><strong>Daher m\u00f6chten wir an dieser Stelle noch einmal explizit darauf hinweisen, dass folgende Gru\u00dfformeln in Verbindung mit einem Komma <span style=\"color: #ff0000;\">FALSCH <\/span>sind:<\/strong><\/p>\n<p><em><img class=\"emoji\" draggable=\"false\" src=\"https:\/\/s.w.org\/images\/core\/emoji\/11\/svg\/2716.svg\" alt=\"\u2716\" \/> Mit freundlichen Gr\u00fc\u00dfen<span style=\"color: #ff0000;\">,<\/span><\/em><\/p>\n<p><em>\u00a0\u00a0\u00a0\u00a0 Max Mustermann<\/em><\/p>\n<p><em>\u00a0<\/em><\/p>\n<p><em><img class=\"emoji\" draggable=\"false\" src=\"https:\/\/s.w.org\/images\/core\/emoji\/11\/svg\/2716.svg\" alt=\"\u2716\" \/> Viele Gr\u00fc\u00dfe<span style=\"color: #ff0000;\">,<\/span><\/em><\/p>\n<p><em>\u00a0\u00a0\u00a0\u00a0 Erika Mustermann<\/em><\/p>\n<p><em>\u00a0<\/em><\/p>\n<p><em><img class=\"emoji\" draggable=\"false\" src=\"https:\/\/s.w.org\/images\/core\/emoji\/11\/svg\/2716.svg\" alt=\"\u2716\" \/> Bis bald<span style=\"color: #ff0000;\">,<\/span><\/em><\/p>\n<p><em>\u00a0\u00a0\u00a0\u00a0 Lieschen M\u00fcller<\/em><\/p>\n<p><em>\u00a0<\/em><\/p>\n<p><em><img class=\"emoji\" draggable=\"false\" src=\"https:\/\/s.w.org\/images\/core\/emoji\/11\/svg\/2716.svg\" alt=\"\u2716\" \/> Mit besten W\u00fcnschen<span style=\"color: #ff0000;\">,<\/span><\/em><\/p>\n<p><em>\u00a0\u00a0\u00a0\u00a0 Otto Normalverbraucher<\/em><\/p>\n<p><mark class=\"bs-highlight bs-highlight-default\">Bei diesen und \u00e4hnlichen Gru\u00dfformeln wird <strong>KEIN KOMMA<\/strong> gesetzt! Der Duden sagt hierzu im Wortlaut (&#8222;Richtiges und gutes Deutsch&#8220;, Band 9):<\/mark><mark class=\"bs-highlight bs-highlight-default\">&#8222;Die Gru\u00dfformel [&#8230;] steht ohne Punkt, Komma oder Ausrufezeichen&#8220;.<\/mark><\/p>\n<p><strong><span style=\"color: #008000;\">KORREKT<\/span> sind daher folgende Varianten ohne Komma:<\/strong><\/p>\n<p><em><img class=\"emoji\" draggable=\"false\" src=\"https:\/\/s.w.org\/images\/core\/emoji\/11\/svg\/2714.svg\" alt=\"\u2714\" \/> Mit freundlichen Gr\u00fc\u00dfen<\/em><\/p>\n<p><em>\u00a0\u00a0\u00a0\u00a0 Max Mustermann<\/em><\/p>\n<p>&nbsp;<\/p>\n<p><em><img class=\"emoji\" draggable=\"false\" src=\"https:\/\/s.w.org\/images\/core\/emoji\/11\/svg\/2714.svg\" alt=\"\u2714\" \/> Viele Gr\u00fc\u00dfe<\/em><\/p>\n<p><em>\u00a0\u00a0\u00a0\u00a0 Erika Mustermann<\/em><\/p>\n<p>&nbsp;<\/p>\n<p><em><img class=\"emoji\" draggable=\"false\" src=\"https:\/\/s.w.org\/images\/core\/emoji\/11\/svg\/2714.svg\" alt=\"\u2714\" \/> Bis bald<\/em><\/p>\n<p><em>\u00a0\u00a0\u00a0\u00a0 Lieschen M\u00fcller<\/em><\/p>\n<p>&nbsp;<\/p>\n<p><em><img class=\"emoji\" draggable=\"false\" src=\"https:\/\/s.w.org\/images\/core\/emoji\/11\/svg\/2714.svg\" alt=\"\u2714\" \/> Mit besten W\u00fcnschen<\/em><\/p>\n<p><em>\u00a0\u00a0\u00a0\u00a0 Otto Normalverbraucher<\/em><\/p>\n<p>Dass nach der Gru\u00dfformel kein Komma stehen darf, l\u00e4sst sich damit erkl\u00e4ren, dass der Gru\u00df laut DIN-Norm als freistehende Zeile formatiert wird. Die Gru\u00dfformel schlie\u00dft formal schlie\u00dflich nie unmittelbar an den letzten Satz an. Vielmehr folgt sie mit einer Zeile Abstand zum Text. Und hier besagt der Dudenverlag im &#8222;Handbuch Zeichensetzung&#8220;:<\/p>\n<p><mark class=\"bs-highlight bs-highlight-default\">&#8222;Das Komma steht in der Regel nicht nach S\u00e4tzen, Satzst\u00fccken und einzelnen W\u00f6rtern, die im Druck- oder Schriftbild in besonderen Zeilen deutlich herausgehoben werden und inhaltlich selbstst\u00e4ndig sind&#8220;.<\/mark>[\/vc_column_text][\/vc_column][\/vc_row][vc_row][vc_column][vc_column_text]<\/p>\n<h2><span id=\"Weshalb_es_so_viele_falsch_machen\">Weshalb es so viele falsch machen<\/span><\/h2>\n<p>Eigentlich ist die Regel f\u00fcr Gru\u00dfformeln einfach zu verstehen. Zwischen Gru\u00dfformel und Absendername wird KEIN KOMMA gesetzt. Dennoch bauen \u00fcber 90 Prozent der Deutschen hier einen Fehler ein. Woran kann das liegen?<\/p>\n<p>Nun, im Alltag begegnet uns diese falsche Variante einfach h\u00e4ufig. Daher erachten wir das Komma nicht als falsch. Wom\u00f6glich liegt es auch daran, dass nach der Briefanrede ein Komma gesetzt wird und unser Sprachgef\u00fchl uns das Komma nach der Gru\u00dfformel instinktiv ebenfalls als korrekt empfinden l\u00e4sst.<\/p>\n<p>Ein weiterer Grund ist vermutlich, dass wir dazu \u00fcbergegangen sind, Dinge einzudeutschen \u2013 auch das Komma in der Gru\u00dfformel. Denn: Im Englischen ist es grammatikalisch tats\u00e4chlich korrekt hier ein Komma zu setzen.<\/p>\n<p>Oder vielleicht ist das Komma auch schlichtweg mit der Gewohnheit verbunden, etwas mit einem Satzzeichen abzuschlie\u00dfen (wobei gem\u00e4\u00df dieser Logik nach dem Namen ein Punkt folgen m\u00fcsste).<\/p>\n<p>Alle Erkl\u00e4rungsversuche \u00e4ndern jedoch nichts daran, dass das Komma hinter der Gru\u00dfformel schlichtweg nicht korrekt ist. Angesichts der H\u00e4ufung dieses Fehlers k\u00f6nnte es jedoch durchaus sein, dass die Dudenredaktion die Schreibweise fr\u00fcher oder sp\u00e4ter akzeptiert. Schlie\u00dflich arbeitet der Duden nicht nur normativ, also vorschreibend, sondern auch deskriptiv, d.h. er bildet die Realit\u00e4t des Sprachgebrauches ab. Sollte sich der Komma-Fehler also als Massenph\u00e4nomen weiterhin durchsetzen, ist es gut m\u00f6glich, dass diese Variante in Zukunft irgendwann wom\u00f6glich erlaubt wird. Bis dahin gilt jedoch: Zwischen Gru\u00dfformel und Absender steht KEIN KOMMA.[\/vc_column_text][\/vc_column][\/vc_row][vc_row][vc_column][vc_column_text]<\/p>\n<h2><span id=\"Fazit\">Fazit<\/span><\/h2>\n<p>Wer einen Gesch\u00e4ftsbrief, eine Bewerbung oder \u00e4hnliches verfasst, sollte immer auch bei der Gru\u00dfformel Sorgfalt walten lassen und die geltenden Normen und Regeln einhalten. Das gilt insbesondere f\u00fcr das f\u00e4lschlicherweise gesetzte Komma zwischen Gru\u00dfformel und Absender. Ansonsten besteht die Gefahr, dass man durch das Setzen des Kommas in der Gru\u00dfformel den sonst perfekt ausformulierten Gesch\u00e4ftsbrief etc. doch noch in den Sand setzt und den eigentlich hervorragenden ersten Eindruck wieder zunichte macht.[\/vc_column_text][\/vc_column][\/vc_row][vc_row][vc_column][vc_tta_accordion active_section=&#8220;&#8220;][vc_tta_section title=&#8220;Quellen&#8220; tab_id=&#8220;1592899808027-2642fad9-adcf&#8220;][vc_column_text]<\/p>\n<ul>\n<li>FOCUS ONLINE: H\u00e4ufiger Gru\u00df-Fehler in Mails: Setzen auch Sie das Komma falsch? <a href=\"https:\/\/www.focus.de\/wissen\/mensch\/sprache\/kommafehler-in-der-e-mail-richtige-grussformel-laut-duden_id_10338697.html\" target=\"_blank\" rel=\"noopener noreferrer\">https:\/\/www.focus.de\/wissen\/mensch\/sprache\/kommafehler-in-der-e-mail-richtige-grussformel-laut-duden_id_10338697.html<\/a> (abgerufen am 23. Juni 2020)<\/li>\n<li>Duden Ratgeber: Komma, Punkt und alle anderen Satzzeichen: Das Handbuch zur Zeichensetzung <a href=\"https:\/\/shop.duden.de\/Shop\/Komma-Punkt-und-alle-anderen-Satzzeichen\" target=\"_blank\" rel=\"noopener noreferrer\">https:\/\/shop.duden.de\/Shop\/Komma-Punkt-und-alle-anderen-Satzzeichen<\/a> (abgerufen am 23. Juni 2020)<\/li>\n<\/ul>\n<p>[\/vc_column_text][\/vc_tta_section][\/vc_tta_accordion][\/vc_column][\/vc_row]<\/p>\n","protected":false},"excerpt":{"rendered":"<p> &#8230; <\/p>\n<p class=\"read-more-container\"><a title=\"Gru\u00dfformel: Diesen Fehler machen \u00fcber 90% der Deutschen!\" class=\"read-more button\" href=\"https:\/\/www.mein-wahres-ich.de\/magazin\/grussformel-fehler\/#more-2749\" aria-label=\"Mehr zu Gru\u00dfformel: Diesen Fehler machen \u00fcber 90% der Deutschen!\">Weiterlesen &#8230;<\/a><\/p>\n","protected":false},"author":3,"featured_media":2752,"comment_status":"open","ping_status":"open","sticky":false,"template":"","format":"standard","meta":[],"categories":[55],"tags":[],"wp-worthy-pixel":{"ignored":false,"public":"0f9e591dd1e8400fa36b55db56dc2224","server":"","url":"https:\/\/vg04.met.vgwort.de\/na\/0f9e591dd1e8400fa36b55db56dc2224"},"wp-worthy-type":"normal","_links":{"self":[{"href":"https:\/\/www.mein-wahres-ich.de\/magazin\/wp-json\/wp\/v2\/posts\/2749"}],"collection":[{"href":"https:\/\/www.mein-wahres-ich.de\/magazin\/wp-json\/wp\/v2\/posts"}],"about":[{"href":"https:\/\/www.mein-wahres-ich.de\/magazin\/wp-json\/wp\/v2\/types\/post"}],"author":[{"embeddable":true,"href":"https:\/\/www.mein-wahres-ich.de\/magazin\/wp-json\/wp\/v2\/users\/3"}],"replies":[{"embeddable":true,"href":"https:\/\/www.mein-wahres-ich.de\/magazin\/wp-json\/wp\/v2\/comments?post=2749"}],"version-history":[{"count":0,"href":"https:\/\/www.mein-wahres-ich.de\/magazin\/wp-json\/wp\/v2\/posts\/2749\/revisions"}],"wp:featuredmedia":[{"embeddable":true,"href":"https:\/\/www.mein-wahres-ich.de\/magazin\/wp-json\/wp\/v2\/media\/2752"}],"wp:attachment":[{"href":"https:\/\/www.mein-wahres-ich.de\/magazin\/wp-json\/wp\/v2\/media?parent=2749"}],"wp:term":[{"taxonomy":"category","embeddable":true,"href":"https:\/\/www.mein-wahres-ich.de\/magazin\/wp-json\/wp\/v2\/categories?post=2749"},{"taxonomy":"post_tag","embeddable":true,"href":"https:\/\/www.mein-wahres-ich.de\/magazin\/wp-json\/wp\/v2\/tags?post=2749"}],"curies":[{"name":"wp","href":"https:\/\/api.w.org\/{rel}","templated":true}]}}