{"id":3569,"date":"2020-01-30T17:22:53","date_gmt":"2020-01-30T16:22:53","guid":{"rendered":"https:\/\/www.mein-wahres-ich.de\/magazin\/?p=3569"},"modified":"2021-08-10T13:44:36","modified_gmt":"2021-08-10T11:44:36","slug":"fruehlingsfarben-2020","status":"publish","type":"post","link":"https:\/\/www.mein-wahres-ich.de\/magazin\/fruehlingsfarben-2020\/","title":{"rendered":"Fr\u00fchlingsfarben 2020 &#8211; das Jahr wird bunt"},"content":{"rendered":"<p>[vc_row][vc_column][vc_column_text]<\/p>\n<p class=\"bs-intro\">Der Winter ist fast geschafft und trotz, oder gerade wegen, kalter Temperaturen w\u00fcnscht man sich sehnlichst den Fr\u00fchling herbei. Wenn die Natur wieder zum Leben erwacht, spielen Farben nat\u00fcrlich eine gro\u00dfe Rolle. Aber nicht nur drau\u00dfen, sondern auch in Kleiderschr\u00e4nken scheint es in diesem Jahr bunt zuzugehen. Nicht nur Trendfarben aus dem vergangenen Jahr werden einem dabei wiederbegegnen, es wird zudem viel Neues geben. Ma\u00dfgeblich beeinflusst werden die Trendfarben von dem amerikanischen Unternehmen Pantone, das f\u00fcr jede Saison und jedes Jahr entsprechende Farben vorschl\u00e4gt, die generell dann als Richtlinie gelten. Vor allem Rot-, Orange- und Gelbt\u00f6ne werden dominieren.<\/p>\n<p>[\/vc_column_text][vc_column_text]<\/p>\n<h2>Pantone und die Mode<\/h2>\n<p>Jedes Jahr ver\u00f6ffentlich Pantone seine \u201e<a href=\"https:\/\/www.pantone.com\/color-intelligence\/fashion-color-trend-report\/fashion-color-trend-report-new-york-spring-summer-2020\" target=\"_blank\" rel=\"noopener\">Fashion Color Trend Reports<\/a>\u201c. Bereits im September hat das Farbunternehmen seine neue Palette mit zw\u00f6lf Trendfarben f\u00fcr die Saison Fr\u00fchjahr\/Sommer vorgestellt. Damit sagte Pantone die Farben voraus, die aktuell die Laufstege, die Modeh\u00e4user und den Online-Versand, wie beispielsweise <a href=\"https:\/\/www.liberty-woman.com\/\" target=\"_blank\" rel=\"noopener\">liberty-woman.com<\/a>, dominieren.<\/p>\n<p>Die Farbauswahl geht ganz klar in Richtung explosive Kontraste. Feurige T\u00f6ne, wie etwa Scharlachrot, treffen auf erdige Gelbt\u00f6ne, wie beispielsweise Safran oder auch Honig.<\/p>\n<p>Vordergr\u00fcndig sollen laut Pantone die Gender-Klischees aufgehoben werden. Farben sollen nicht als Etiketten f\u00fcr Geschlechter stehen. Deshalb sind die Trends vor allem von mutigen und kr\u00e4ftigen Farben gepr\u00e4gt, die einzeln bereits stark sind, miteinander kombiniert jedoch ein starkes Zeichen setzen sollen. Die vorgeschlagene Farbpalette soll Positivit\u00e4t und Lebensfreude sowie <a href=\"https:\/\/www.mein-wahres-ich.de\/magazin\/persoenlichkeit-ist-trend-zwischen-individualisierungswahn-und-selbstfindung\/\">pers\u00f6nliche Selbstentfaltung ausdr\u00fccken<\/a>. [\/vc_column_text][vc_column_text]<\/p>\n<h2>Blau wird sich durch das komplette Jahr ziehen<\/h2>\n<p>Pantone legt allerdings nicht nur die Trendfarben f\u00fcr jede einzelne Saison fest, sondern k\u00fcmmert sich auch um Farbt\u00f6ne, die das ganze Jahr lang im Trend liegen. 2020 hei\u00dft die Farbe des Jahres \u201eClassic Blue\u201c. Um auf diesen Farbton zu kommen, befasste sich ein Team von Experten mit Trends, Technologien und Materialien in den verschiedensten Branchen. Weitere Faktoren, die die Wahl beeinflussen k\u00f6nnen, sind aktuelle Lifestyles und Entwicklungen in der Gesellschaft. [\/vc_column_text][vc_column_text]Das tiefe Blau soll Ruhe und Zuversicht ausstrahlen und ein Gef\u00fchl von Harmonie und Geborgenheit vermitteln. Es ist ein zeitloser Farbton, den man in diesem Jahr wohl in allen m\u00f6glichen Varianten in diversen Lebensbereichen finden wird.<\/p>\n<p>Doch das Classic Blue wird nicht der einzige Blauton sein, der uns im Fr\u00fchling und im Sommer begegnen wird. Man darf gespannt sein auf Outfits in T\u00fcrkis, Pastellblau oder auch Babyblau. In Kombination mit den Rot-, Orange- und Erdt\u00f6nen, darf man sich so auf spannende und vor allem kr\u00e4ftige Kontraste freuen. [\/vc_column_text][vc_column_text]<\/p>\n<h2>Nicht den kompletten Kleiderschrank ausmisten<\/h2>\n<p>Nicht nur diese neuen Farbt\u00f6ne dominieren aktuell die Laufstege, auch so manche Farbe aus den Kollektionen des vergangenen Jahres wird wiederverwertet.<br \/>\nKaramellbraun: Diese Farbe wird wohl niemals aussterben, denn sie ist geradezu zeitlos. Nicht nur im Winter und im Herbst ist diese Farbe beispielsweise an M\u00e4nteln ein echter Hingucker, sondern auch im Fr\u00fchling und Sommer. Dann wird man sie eher an Shorts bewundern k\u00f6nnen.<\/p>\n<ul>\n<li><strong>Pink: <\/strong>Noch bis vor einigen Jahren h\u00e4tten Designer nicht einmal im Traum daran gedacht, dass die Farbe einmal auf den Laufstegen dieser Welt zu sehen sein w\u00fcrde. Oft war man der Meinung, dass ein knalliges Pink schlichtweg zu billig wirke. Mittlerweile ist man allerdings anderer Meinung. Je knalliger, desto besser. Pink macht ganz einfach gute Laune.<\/li>\n<li><strong>Zitronengelb:<\/strong> Diese ganz zarte pastellige Farbe wird auch 2020 wieder gro\u00dfe Erfolge feiern. Dabei spielt es keine Rolle, ob man es in Form eines s\u00fc\u00dfen Sommerkleids tr\u00e4gt oder l\u00e4ssig als Jacke. Zitronengelb ist in diesem Jahr in den meisten F\u00e4llen wohl eine gute Wahl.<\/li>\n<li><strong>Mandarine:<\/strong> Es ist eine Farbe, die in der Vergangenheit eher f\u00fcr Bauarbeiter oder die M\u00fcllabfuhr reserviert war. Mittlerweile hat sie auch ihren Weg in die Kleiderschr\u00e4nke gefunden. Sogar die ganz Gro\u00dfen, wie etwa Valentino oder Chanel, r\u00fchren kr\u00e4ftig die Werbetrommel f\u00fcr diese Trendfarbe.<\/li>\n<li><strong>Grasgr\u00fcn:<\/strong> Diese Farbe geh\u00f6rt zum Fr\u00fchling genauso wie der Flieder. Vor allem Frauen mit blonden oder schwarzen Haaren stehen Looks mit diesem kr\u00e4ftigen Gr\u00fcnton. Kombiniert man ihn mit Schwarz oder Wei\u00df, kann der Fr\u00fchling ruhig kommen.<\/li>\n<li><strong>Altrosa:<\/strong> Schon lange hat diese Farbe ihren angestaubten Ruf abgelegt. Mittlerweile ist er bei Frauen ein Ausdruck f\u00fcr Selbstbewusstsein und St\u00e4rke. Nicht nur im Winter war Altrosa in Form von Strickpullovern sehr pr\u00e4sent. Auch im Fr\u00fchling und im Sommer wird man bestimmt das ein oder andere Kleid in der Farbe auf der Stra\u00dfe sehen.<\/li>\n<\/ul>\n<p>[\/vc_column_text][vc_column_text]<\/p>\n<h2>Wie kombiniere ich die Farben?<\/h2>\n<p>Nicht alle Farben k\u00f6nnen einfach <a href=\"https:\/\/www.strasser-steine.at\/gut-kombiniert-diese-farbkombinationen-passen\/\" target=\"_blank\" rel=\"noopener\">wahllos untereinander und miteinander kombiniert<\/a> werden. Einige Regeln sollte man bei der Zusammenstellung eines Outfits schon beachten. Sehr gut lassen sich beispielsweise Rott\u00f6ne mit gedecktem Braun oder Beige kombinieren. Dunkelblau hingegen passt eigentlich zu fast allem. Trotzdem sollte man es nicht \u00fcbertreiben und zu viele Farben mit einander mischen. Es reicht, wenn man sich ein bis zwei Farben aussucht und sie passend mit Braun, Wei\u00df, Creme oder Grau kombiniert.<\/p>\n<p>Mit diesen Tipps kann der Fr\u00fchling zumindest modetechnisch beginnen. Mit den Trendfarben f\u00fcr die Saison kann man sich bestens entfalten und nach Belieben kombinieren, nur \u00fcbertreiben sollte man es nicht. [\/vc_column_text][\/vc_column][\/vc_row]<\/p>\n","protected":false},"excerpt":{"rendered":"<p> &#8230; <\/p>\n<p class=\"read-more-container\"><a title=\"Fr\u00fchlingsfarben 2020 &#8211; das Jahr wird bunt\" class=\"read-more button\" href=\"https:\/\/www.mein-wahres-ich.de\/magazin\/fruehlingsfarben-2020\/#more-3569\" aria-label=\"Mehr zu Fr\u00fchlingsfarben 2020 &#8211; das Jahr wird bunt\">Weiterlesen &#8230;<\/a><\/p>\n","protected":false},"author":1,"featured_media":3570,"comment_status":"open","ping_status":"open","sticky":false,"template":"","format":"standard","meta":[],"categories":[58],"tags":[],"wp-worthy-pixel":{"ignored":false,"public":"24a68587a6934e7aa5c45466800d1c86","server":"","url":"https:\/\/vg02.met.vgwort.de\/na\/24a68587a6934e7aa5c45466800d1c86"},"wp-worthy-type":"normal","_links":{"self":[{"href":"https:\/\/www.mein-wahres-ich.de\/magazin\/wp-json\/wp\/v2\/posts\/3569"}],"collection":[{"href":"https:\/\/www.mein-wahres-ich.de\/magazin\/wp-json\/wp\/v2\/posts"}],"about":[{"href":"https:\/\/www.mein-wahres-ich.de\/magazin\/wp-json\/wp\/v2\/types\/post"}],"author":[{"embeddable":true,"href":"https:\/\/www.mein-wahres-ich.de\/magazin\/wp-json\/wp\/v2\/users\/1"}],"replies":[{"embeddable":true,"href":"https:\/\/www.mein-wahres-ich.de\/magazin\/wp-json\/wp\/v2\/comments?post=3569"}],"version-history":[{"count":0,"href":"https:\/\/www.mein-wahres-ich.de\/magazin\/wp-json\/wp\/v2\/posts\/3569\/revisions"}],"wp:featuredmedia":[{"embeddable":true,"href":"https:\/\/www.mein-wahres-ich.de\/magazin\/wp-json\/wp\/v2\/media\/3570"}],"wp:attachment":[{"href":"https:\/\/www.mein-wahres-ich.de\/magazin\/wp-json\/wp\/v2\/media?parent=3569"}],"wp:term":[{"taxonomy":"category","embeddable":true,"href":"https:\/\/www.mein-wahres-ich.de\/magazin\/wp-json\/wp\/v2\/categories?post=3569"},{"taxonomy":"post_tag","embeddable":true,"href":"https:\/\/www.mein-wahres-ich.de\/magazin\/wp-json\/wp\/v2\/tags?post=3569"}],"curies":[{"name":"wp","href":"https:\/\/api.w.org\/{rel}","templated":true}]}}